{"id":1155,"date":"2022-04-04T15:13:36","date_gmt":"2022-04-04T15:13:36","guid":{"rendered":"https:\/\/didierjoris.com\/?p=1155"},"modified":"2022-04-09T08:16:27","modified_gmt":"2022-04-09T08:16:27","slug":"esclavagisme-potager","status":"publish","type":"post","link":"https:\/\/didierjoris.com\/?p=1155","title":{"rendered":"Esclavagisme potager"},"content":{"rendered":"\n<p><strong><em>Texte pr\u00e9sent\u00e9 au Blues-Sphere le 5 avril 2022 dans le cadre des soir\u00e9es \u00ab Laisser dire \u00bb avec pour th\u00e8me : \u00ab Le Jardin \u00bb.<\/em><\/strong><\/p>\n\n\n\n<p>D\u00e8s ma naissance, j&rsquo;ai senti en moi ce besoin d&rsquo;exister au travers de la contestation. Il suffisait que ma m\u00e8re m&rsquo;offre son sein gauche pour que je r\u00e9clame le droit. On me pr\u00e9sentait un jouet, il m&rsquo;en fallait un autre. Si l&rsquo;un de mes camarades de cr\u00e8che \u00e9tait sujet de toutes les attentions, je me sentais oblig\u00e9 de chialer puis de faire mon plus beau sourire afin d&rsquo;\u00eatre le nouveau centre d&rsquo;int\u00e9r\u00eat de la petite assembl\u00e9e.<\/p>\n\n\n\n<p>Ce besoin ne m&rsquo;a jamais quitt\u00e9 et s&rsquo;est transform\u00e9, \u00e0 l&rsquo;adolescence, en un militantisme d\u00e9di\u00e9 \u00e0 toutes les causes qui allaient \u00e0 contre-courant de la bien-pensance et de toutes formes d&rsquo;autorit\u00e9.<\/p>\n\n\n\n<p>Je vous passe le nombre de combats que j&rsquo;ai men\u00e9.<\/p>\n\n\n\n<p>Je fus de toutes les manifestations. Tant que je pouvais battre le pav\u00e9 et hurler, j&rsquo;\u00e9tais heureux. Me sentir envelopp\u00e9 par la foule me procurait un sentiment de puissance et de jouissance. J&rsquo;avais l&rsquo;impression d&rsquo;\u00eatre indispensable, de faire bouger les lignes.<\/p>\n\n\n\n<p>J&rsquo;ai ainsi adh\u00e9r\u00e9 \u00e0 nombre de groupements et groupuscules qui allaient \u00e0 l&rsquo;encontre du syst\u00e8me, de tous les syst\u00e8mes.<\/p>\n\n\n\n<p>J&rsquo;en fus g\u00e9n\u00e9ralement d\u00e9\u00e7u car mes avis ou d\u00e9cisions \u00e9taient au sein de ces mouvements souvent remis en question, contest\u00e9s par mes propres fr\u00e8res de combat dont le moteur principal r\u00e9sidait dans le plaisir d\u2019engendrer la pol\u00e9mique ou la contradiction. Ils avaient eux aussi ce besoin de toujours exister par la diff\u00e9rence. &nbsp;<\/p>\n\n\n\n<p>Avec l&rsquo;\u00e2ge, je me suis assagi et je me suis persuad\u00e9 qu&rsquo;il valait mieux se polariser sur une seule cause qui me fasse vibrer, un dernier combat que je livrerai seul. Un combat focalis\u00e9 sur de vrais laiss\u00e9s-pour-compte. Un combat d\u00e9termin\u00e9 et sans faille afin d&rsquo;apporter de mani\u00e8re concr\u00e8te ma pierre \u00e0 l&rsquo;\u00e9difice de ce Nouveau Monde en gestation.<\/p>\n\n\n\n<p>Je d\u00e9sirais aborder un espace renouvel\u00e9 de la contestation. Agir l\u00e0 o\u00f9 m\u00eame les ONG n\u2019avaient jamais voulu s\u2019aventurer car la cause aurait \u00e9t\u00e9 sujette \u00e0 des d\u00e9bats clivants et fratricides au sein m\u00eame de leurs instances.<\/p>\n\n\n\n<p>J&rsquo;ai d\u00e9cid\u00e9 de m&rsquo;attaquer aux nanomanes.<\/p>\n\n\n\n<p>Les nanomanes, des pervers qui s&rsquo;en prennent \u00e0 plus petit, bien plus petits et plus faibles qu&rsquo;eux et qui exploitent sans vergogne leur na\u00efvet\u00e9 et leur gentillesse naturelle.&nbsp;<\/p>\n\n\n\n<p>Ces bourreaux perfides, soi-disant amoureux de la nature et des jardins, emprisonnent au sein de leur pr\u00e9 carr\u00e9 de malheureux nains dits \u00ab&nbsp;de jardin&nbsp;\u00bb pour leur faire r\u00e9aliser des t\u00e2ches ingrates, allant de couper du bois \u00e0 arroser les parterres en passant par la coupe des haies.<\/p>\n\n\n\n<p>Afin d\u2019\u00eatre salutaire, il fallait que mon combat soit un combat de l\u2019ombre, men\u00e9 au niveau local, sans faire de vagues mais avec une efficacit\u00e9 redoutable.<\/p>\n\n\n\n<p>J\u2019ai repris mon jogging quotidien, fr\u00e9quent\u00e9 \u00e0 nouveau assid\u00fbment la salle de sport de mon quartier et me suis initi\u00e9 au Krav Maga, technique de combat utilis\u00e9e par l&rsquo;arm\u00e9e isra\u00e9lienne. Mon objectif : agir directement sur le terrain en soustrayant tous ces pauvres h\u00e8res \u00e0 leurs bourreaux.<\/p>\n\n\n\n<p>C\u2019est dans les quartiers de la classe moyenne, avec leurs maisons quatre fa\u00e7ades, que je rep\u00e9re principalement mes futures zones d\u2019action. \u00c9quip\u00e9 d\u2019un drone, je survole ces prisons \u00e0 ciel ouvert pour pr\u00e9parer mes exp\u00e9ditions nocturnes.<\/p>\n\n\n\n<p>En un peu moins de quatre ans, j\u2019ai ainsi exfiltr\u00e9 vers les for\u00eats d\u2019Ardennes 174 nains et 5 Blanche Neige. Je leur ai tous rendu la libert\u00e9 en les cachant au plus profond des fut\u00e9es, dans des taillis encaiss\u00e9s.<\/p>\n\n\n\n<p>Tr\u00e8s vite la police re\u00e7ut de nombreuses plaintes.<\/p>\n\n\n\n<p>Mon action eut un \u00e9cho consid\u00e9rable au sein de la presse r\u00e9gionale d&rsquo;abord , puis nationale et internationale. Les r\u00e9seaux sociaux s&#8217;emball\u00e8rent pour ma cause. Les uns prenaient parti pour les tortionnaires qui trouvaient que les nains de jardin avaient une utilit\u00e9 non seulement fonctionnelle mais aussi esth\u00e9tique. Les autres, d\u00e9fenseurs inconditionnels des libert\u00e9s, exigeaient une p\u00e9nalisation de ce type de pratique.<\/p>\n\n\n\n<p>La mention <em>\u00ab #balance ton nain \u00bb<\/em> naquit tr\u00e8s vite de cette pol\u00e9mique. Les enseignes de jardinerie ne savaient trop quelle attitude adopter. Une majorit\u00e9 de ces nains \u00e9tait originaire des pays de l\u2019Est. Fallait-il les consid\u00e9rer comme des travailleurs d\u00e9tach\u00e9s ou plut\u00f4t comme des esclaves. Fallait-il les voir en eux des r\u00e9fugi\u00e9s ? Devait-on leur donner priorit\u00e9 par rapport aux pauvres bougres basan\u00e9s qui traversaient la M\u00e9diterran\u00e9e sur des embarcations de fortune ? C\u2019\u00e9tait d\u2019autant plus compliqu\u00e9 qu\u2019ils avaient des papiers chinois.<\/p>\n\n\n\n<p>Les candidats \u00e0 la pr\u00e9sidentielle fran\u00e7aise furent interrog\u00e9s sur le sujet qui avait fini dans les sondages par \u00e9clipser le bien-\u00eatre animal.<\/p>\n\n\n\n<p>Grands pratiquants de la langue de bois, ces derniers affirm\u00e8rent qu\u2019ils comprenaient les inqui\u00e9tudes de la plupart et qu\u2019une solution devait \u00eatre trouv\u00e9e afin de rendre la dignit\u00e9 de ces \u00eatres jusqu\u2019ici oubli\u00e9s. Un proche conseiller de l\u2019un de ces fameux protagonistes au pouvoir supr\u00eame proposa m\u00eame que des nains de jardin, dans un esprit de totale la\u00efcit\u00e9, fassent partie de la prochaine cr\u00e8che de No\u00ebl tandis que d\u2019autres seraient convi\u00e9s \u00e0 un p\u00e8lerinage \u00e0 La Mecque. Personne n\u2019oublia que certains nains de jardin pouvaient \u00eatre ath\u00e9es, francs-ma\u00e7ons, juifs, bouddhistes, hindouistes, ou appartenir \u00e0 une autre ob\u00e9dience. L\u2019orientation sexuelle ne fut pas exclue des d\u00e9bats.<\/p>\n\n\n\n<p>Ce fut certes pour les candidats une d\u00e9bauche d\u2019\u00e9nergie mais il leur fallait ratisser large pour satisfaire le plus grand nombre, surtout les minorit\u00e9s les plus bruyantes qui auraient pu enflammer les r\u00e9seaux sociaux et nuire lors des sondages.<\/p>\n\n\n\n<p>Une quinzaine de nains purent ainsi, sous les yeux des cam\u00e9ras, prendre leurs quartiers dans les jardins de l\u2019\u00c9lys\u00e9e et dispos\u00e8rent m\u00eame d\u2019un petit chalet leur permettant de passer la nuit sans souffrir des al\u00e9as de la m\u00e9t\u00e9o.<\/p>\n\n\n\n<p>En ce qui me concerne, je ne pus que me r\u00e9jouir de l\u2019ampleur de mon combat qui finit par \u00e9clipser les probl\u00e9matiques du climat, de la globalisation et de la mondialisation, du risque nucl\u00e9aire et d\u2019un an\u00e9antissement de la plan\u00e8te par un arsenal d\u00e9mentiel engendr\u00e9 par la peur dogmatique de l\u2019autre.<\/p>\n\n\n\n<p>J\u2019ai donn\u00e9 une seule interview \u00e0 un r\u00e9seau mondial d\u2019investigation qui avait d\u00e9j\u00e0 mis au jour de nombreux scandales financiers.<\/p>\n\n\n\n<p>Ma voix a \u00e9t\u00e9 modifi\u00e9e, mon visage a \u00e9t\u00e9 flout\u00e9 et mon identit\u00e9 pr\u00e9serv\u00e9e.<\/p>\n\n\n\n<p>En conclusion de cette rencontre avec trois des meilleurs journalistes mondiaux, j\u2019ai expliqu\u00e9 que nous \u00e9tions toutes et tous, de pr\u00e8s ou de loin concern\u00e9 par la probl\u00e9matique des nains de jardin.<\/p>\n\n\n\n<p>En effet, outre un v\u00e9ritable jardin, privil\u00e8ges des plus nantis, nous avons toutes et tous un jardin secret. Il est de notre devoir de mettre tout en \u0153uvre afin de d\u00e9livrer tous les pauvres nains qui peuplent notre inconscient. En nous lib\u00e9rant d\u2019eux et de notre petitesse d\u2019esprit, le monde ne s\u2019en portera que mieux.<\/p>\n\n\n\n<p>Cette th\u00e9orie des nains de jardin dans l\u2019inconscient collectif, familial et personnel marqua d\u2019ailleurs un tournant fondamental dans les approches th\u00e9rapeutiques en psychiatrie et en psychologie cognitive.<\/p>\n\n\n\n<p>Il reste encore de nombreux sceptiques, mais je sais qu\u2019un jour les g\u00e9n\u00e9rations futures comprendront et appr\u00e9cieront toute la dimension et la profondeur de mon combat militant. &nbsp;<\/p>\n\n\n\n<p><\/p>\n","protected":false},"excerpt":{"rendered":"<p>Texte pr\u00e9sent\u00e9 au Blues-Sphere le 5 avril 2022 dans le cadre des soir\u00e9es \u00ab Laisser dire \u00bb avec pour th\u00e8me : \u00ab Le Jardin \u00bb. D\u00e8s ma naissance, j&rsquo;ai senti en moi ce besoin d&rsquo;exister au travers de la contestation. Il suffisait que ma m\u00e8re m&rsquo;offre son sein gauche pour que je r\u00e9clame le droit. &hellip; <\/p>\n<p class=\"link-more\"><a href=\"https:\/\/didierjoris.com\/?p=1155\" class=\"more-link\">Continuer la lecture<span class=\"screen-reader-text\"> de &laquo;&nbsp;Esclavagisme potager&nbsp;&raquo;<\/span><\/a><\/p>\n","protected":false},"author":1,"featured_media":0,"comment_status":"closed","ping_status":"closed","sticky":false,"template":"","format":"standard","meta":{"footnotes":""},"categories":[1],"tags":[],"class_list":["post-1155","post","type-post","status-publish","format-standard","hentry","category-uncategorized"],"_links":{"self":[{"href":"https:\/\/didierjoris.com\/index.php?rest_route=\/wp\/v2\/posts\/1155","targetHints":{"allow":["GET"]}}],"collection":[{"href":"https:\/\/didierjoris.com\/index.php?rest_route=\/wp\/v2\/posts"}],"about":[{"href":"https:\/\/didierjoris.com\/index.php?rest_route=\/wp\/v2\/types\/post"}],"author":[{"embeddable":true,"href":"https:\/\/didierjoris.com\/index.php?rest_route=\/wp\/v2\/users\/1"}],"replies":[{"embeddable":true,"href":"https:\/\/didierjoris.com\/index.php?rest_route=%2Fwp%2Fv2%2Fcomments&post=1155"}],"version-history":[{"count":8,"href":"https:\/\/didierjoris.com\/index.php?rest_route=\/wp\/v2\/posts\/1155\/revisions"}],"predecessor-version":[{"id":1177,"href":"https:\/\/didierjoris.com\/index.php?rest_route=\/wp\/v2\/posts\/1155\/revisions\/1177"}],"wp:attachment":[{"href":"https:\/\/didierjoris.com\/index.php?rest_route=%2Fwp%2Fv2%2Fmedia&parent=1155"}],"wp:term":[{"taxonomy":"category","embeddable":true,"href":"https:\/\/didierjoris.com\/index.php?rest_route=%2Fwp%2Fv2%2Fcategories&post=1155"},{"taxonomy":"post_tag","embeddable":true,"href":"https:\/\/didierjoris.com\/index.php?rest_route=%2Fwp%2Fv2%2Ftags&post=1155"}],"curies":[{"name":"wp","href":"https:\/\/api.w.org\/{rel}","templated":true}]}}