{"id":1198,"date":"2022-06-05T05:12:18","date_gmt":"2022-06-05T05:12:18","guid":{"rendered":"https:\/\/didierjoris.com\/?p=1198"},"modified":"2022-06-09T06:10:52","modified_gmt":"2022-06-09T06:10:52","slug":"jai-dix-ans-et-je-nai-jamais-vu-la-mer","status":"publish","type":"post","link":"https:\/\/didierjoris.com\/?p=1198","title":{"rendered":"J&rsquo;ai dix ans et je n&rsquo;ai jamais vu la mer"},"content":{"rendered":"\n<figure class=\"wp-block-image size-large\"><img loading=\"lazy\" decoding=\"async\" width=\"1024\" height=\"575\" src=\"https:\/\/didierjoris.com\/wp-content\/uploads\/2022\/06\/mer-jai-dix-ans-1024x575.jpg\" alt=\"\" class=\"wp-image-1204\" srcset=\"https:\/\/didierjoris.com\/wp-content\/uploads\/2022\/06\/mer-jai-dix-ans-1024x575.jpg 1024w, https:\/\/didierjoris.com\/wp-content\/uploads\/2022\/06\/mer-jai-dix-ans-300x169.jpg 300w, https:\/\/didierjoris.com\/wp-content\/uploads\/2022\/06\/mer-jai-dix-ans-768x432.jpg 768w, https:\/\/didierjoris.com\/wp-content\/uploads\/2022\/06\/mer-jai-dix-ans-1536x863.jpg 1536w, https:\/\/didierjoris.com\/wp-content\/uploads\/2022\/06\/mer-jai-dix-ans.jpg 1920w\" sizes=\"auto, (max-width: 767px) 89vw, (max-width: 1000px) 54vw, (max-width: 1071px) 543px, 580px\" \/><\/figure>\n\n\n\n<p>J&rsquo;ai dix ans et je n&rsquo;ai jamais vu la mer.<\/p>\n\n\n\n<p>Elle n&rsquo;est pourtant pas loin, \u00e0 peine deux heures de train.<\/p>\n\n\n\n<p>Je ne l&rsquo;ai jamais vue sauf sur ma tablette et \u00e0 la t\u00e9l\u00e9vision. Elle m&rsquo;intrigue. Elle est toute plate, semble si calme et pourtant elle peut se d\u00e9cha\u00eener, un peu comme maman. Quand quelque chose la contrarie, maman est comme la mer. Tout le silence enfoui en elle d\u00e9borde par vagues immenses, des vagues de solitude et de souffrances contenues.<\/p>\n\n\n\n<p>J&rsquo;ai dix ans et je n&rsquo;ai jamais vu la mer.<\/p>\n\n\n\n<p>En fait, cela ne m&rsquo;a jamais vraiment manqu\u00e9. On en parle d&rsquo;ailleurs tr\u00e8s peu avec les copains. On pr\u00e9f\u00e8re jouer au foot sur la grande esplanade. Avant, il y avait l\u00e0 une prison qui a \u00e9t\u00e9 ras\u00e9e. C&rsquo;est aujourd&rsquo;hui le lieu de ralliement de tous les gosses du quartier. Des petits gars pleins de vie, turbulents, \u00e0 l&rsquo;imagination d\u00e9bordante mais qui eux non plus n&rsquo;ont jamais vu la mer.<\/p>\n\n\n\n<p>J&rsquo;ai dix ans et je n&rsquo;ai jamais vu la mer.<\/p>\n\n\n\n<p>Parfois je me l&rsquo;imagine en regardant le fleuve et les vagues faites par les p\u00e9niches qui fendent les flots. Mais il est petit le fleuve et son horizon se limite aux quais qui l&rsquo;entourent tandis que la mer est, para\u00eet-il, infinie. \u00c0 l&rsquo;\u00e9cole, le professeur nous a dit que, quand on regardait la mer, il n&rsquo;y avait plus rien \u00e0 l&rsquo;horizon, sauf elle. Dans le pass\u00e9, on pensait m\u00eame que si les bateaux allaient trop loin, ils tombaient dans une sorte de gouffre infini. Les anciens ignoraient que la terre est ronde.<\/p>\n\n\n\n<p>J&rsquo;ai dix ans et je n&rsquo;ai jamais vu la mer.<\/p>\n\n\n\n<p>La mer, \u00e7a doit \u00eatre comme l&rsquo;eau du lavabo mais il para\u00eet qu&rsquo;il y a de l&rsquo;\u00e9cume, comme une sorte de mousse qui flotte le long des plages. Je n&rsquo;ai jamais vu de plages. Notre professeur nous a dit que c&rsquo;\u00e9tait du sable tr\u00e8s fin. Un jour, il y avait un chantier en face de chez moi. J&rsquo;ai pris un petit paquet de sable et j&rsquo;ai demand\u00e9 \u00e0 mon professeur si c&rsquo;\u00e9tait du sable comme celui-l\u00e0 qu&rsquo;il y avait \u00e0 la mer. Il m&rsquo;a dit que non. Que le sable de la mer \u00e9tait bien plus fin et qu&rsquo;en plus il \u00e9tait m\u00e9lang\u00e9 de coquillages. Il m&rsquo;a aussi dit que dans certains d&rsquo;entre eux, les plus grands, on pouvait entendre le bruit de la mer. J&rsquo;aimerais tant avoir un coquillage comme ceux-l\u00e0 pour pouvoir m&rsquo;endormir le soir, berc\u00e9 par le bruit des vagues.<\/p>\n\n\n\n<p>J&rsquo;ai dix ans et je n&rsquo;ai jamais vu la mer.<\/p>\n\n\n\n<p>\u00c0 la maison, la radio fonctionne toute la journ\u00e9e. Parfois il y a des chansons qui parlent de la mer. Il y en a une que j&rsquo;aime bien. Celle d&rsquo;un vieux dont j&rsquo;ai oubli\u00e9 le nom. Je sais qu&rsquo;il s&rsquo;appelle Charles. Il dit que la mer elle danse, qu&rsquo;elle a des reflets en argent, que tout pr\u00e8s il y a des grands oiseaux blancs. Maman n&rsquo;aime pas cette chanson alors elle coupe la radio d\u00e8s qu&rsquo;elle l&rsquo;entend. Maman n&rsquo;aime pas la mer. Elle me l&rsquo;a dit plusieurs fois.<\/p>\n\n\n\n<p>J&rsquo;ai dix ans et je n&rsquo;ai jamais vu la mer.<\/p>\n\n\n\n<p>Mais jeudi prochain sera un grand jour. Si Dieu veut, j\u2019irai \u00e0 la mer. Je partirai en train de la grande gare \u00e0 l\u2019autre bout de la ville, celle qui ressemble \u00e0 un bateau renvers\u00e9. Je me r\u00e9jouis comme d&rsquo;ailleurs mes autres camarades de l&rsquo;\u00e9cole des devoirs qui eux non plus n&rsquo;ont jamais vu la mer. L&rsquo;\u00e9cole des devoirs, c&rsquo;est l\u00e0 o\u00f9 je vais apr\u00e8s la classe. Il y a des gens gentils qui nous aident \u00e0 faire nos devoirs mais surtout qui nous apprennent \u00e0 apprendre. Ils nous soutiennent car \u00e9tudier, c\u2019est pas toujours facile. Maman est heureuse car elle peut continuer \u00e0 travailler sans me laisser seul \u00e0 la maison.<\/p>\n\n\n\n<p>J&rsquo;ai dix ans et aujourd\u2019hui j&rsquo;ai vu la mer.<\/p>\n\n\n\n<p>J&rsquo;ai senti le sable chaud s&rsquo;enfoncer sous mes pieds. Mon professeur avait raison. Ce n&rsquo;est pas le m\u00eame sable. Et puis j&rsquo;ai couru et je me suis jet\u00e9 dans l&rsquo;eau. J&rsquo;ai pleur\u00e9. Je ne savais pas pourquoi, mais j&rsquo;ai pleur\u00e9. \u00c0 la fois de joie et de tristesse. Quelque chose en moi \u00e9tait triste. J&rsquo;ai cherch\u00e9 un gros coquillage pour me consoler. Je ne l&rsquo;ai pas trouv\u00e9.<\/p>\n\n\n\n<p>J&rsquo;ai dix ans et j&rsquo;ai vu la mer.<\/p>\n\n\n\n<p>Dans le train, sur le chemin du retour, j&rsquo;ai senti que je n&rsquo;\u00e9tais plus le m\u00eame. J&rsquo;avais grandi. J&rsquo;avais appris. J&rsquo;avais appris que les choses devaient \u00eatre ressenties par rapport au r\u00e9el et pas par rapport aux images d&rsquo;une tablette ou de la t\u00e9l\u00e9vision.<\/p>\n\n\n\n<p>J&rsquo;ai dix ans et j&rsquo;ai vu la mer.<\/p>\n\n\n\n<p>Maman aurait pu nous accompagner lors de ce voyage comme certains parents l&rsquo;ont fait, mais elle a refus\u00e9. Quand je suis rentr\u00e9, elle m&rsquo;a \u00e9cout\u00e9 puis a \u00e9clat\u00e9 en sanglots. Je l&rsquo;ai prise dans mes bras. Elle pleura tr\u00e8s fort et ses larmes sal\u00e9es me rappel\u00e8rent le go\u00fbt de l&rsquo;oc\u00e9an que je venais de quitter. Quand il n&rsquo;y eut plus de larmes, maman m&rsquo;expliqua qu&rsquo;elle ne voulait plus jamais voir la mer. Qu\u2019elle voulait rester pour toujours pr\u00e8s de la grande esplanade, s&rsquo;accrochant \u00e0 elle comme \u00e0 une bou\u00e9e.<\/p>\n\n\n\n<p>J&rsquo;ai dix ans et j&rsquo;ai vu la mer que maman ne verra plus jamais.<\/p>\n\n\n\n<p>Maman m&rsquo;a montr\u00e9 les photos, des photos qu&rsquo;elle cachait dans une petite bo\u00eete m\u00e9tallique orn\u00e9e du portrait du Roi et de la Reine. \u00c0 l&rsquo;int\u00e9rieur, il y avait celles d&rsquo;un homme, mon papa. Il y avait moi tout petit dans un berceau. Et puis il y avait la photo d&rsquo;un bateau. Maman m&rsquo;a dit que le bateau avait chavir\u00e9 en traversant une autre mer, celle de la M\u00e9diterran\u00e9e. Maman et moi f\u00fbmes sauv\u00e9s mais pas papa. Il est mort noy\u00e9 alors que les garde-c\u00f4tes approchaient pour nous porter secours.<\/p>\n\n\n\n<p>J&rsquo;ai dix ans et j&rsquo;ai vu la mer.<\/p>\n\n\n\n<p>Je sais maintenant pourquoi j&rsquo;ai pleur\u00e9. Mon corps savait. Si la mer est si puissante, c&rsquo;est parce que papa l&rsquo;habite. Je sais qu\u2019en la regardant, je trouverai toujours en elle la force d&rsquo;avancer.<\/p>\n\n\n\n<p>                                                                                          **********<\/p>\n\n\n\n<p><em>Le projet d\u2019<strong>Ecole des Devoirs de La Place <\/strong>a vu le jour, dans le quartier Saint-L\u00e9onard \u00e0 Li\u00e8ge, \u00e0 l\u2019initiative de Corinne Paquay et de quelques b\u00e9n\u00e9voles pour qui la transmission gratuite et la plus large possible du savoir est \u00e0 la base de l\u2019\u00e9galit\u00e9 des chances<\/em>.<\/p>\n\n\n\n<p><em>Des moyens issus de pr\u00e8s de <strong>150 donateurs priv\u00e9s<\/strong> (75 % des moyens de fonctionnement) ainsi que quelques subsides de la ville, de la province et de l\u2019ONE ont permis de faire d\u2019un r\u00eave une r\u00e9alit\u00e9 qui chaque jour s\u2019inscrit au plus profond du renouveau d\u2019un quartier d\u00e9favoris\u00e9.<\/em><\/p>\n\n\n\n<p>Cette d\u00e9marche pragmati<em>que a, depuis 2018, port\u00e9 des fruits tangibles.<\/em><\/p>\n\n\n\n<p>Au-del\u00e0 de <strong>l\u2019accompagnement d\u2019une trentaine de jeunes<\/strong> dans la r\u00e9alisation de leurs <em>devoirs scolaires, l\u2019\u00e9cole des devoirs a, durant l\u2019\u00e9t\u00e9 2021, propos\u00e9 \u00e0 ces enfants une part de r\u00eave. <strong>D\u00e9couvrir la mer<\/strong>.<\/em><\/p>\n\n\n\n<p><em>Ce voyage qui, pour la plupart d\u2019entre nous semble insignifiant, leur a permis d\u2019\u00e9largir leurs horizons, de s\u2019ouvrir au monde loin des fronti\u00e8res que leurs conditions pouvaient leur imposer. Seuls deux participants sur les seize inscrits avaient d\u00e9j\u00e0 connu cette exp\u00e9rience.<\/em><\/p>\n\n\n\n<p><em>Cette nouvelle retrace de mani\u00e8re fictionnelle cette merveilleuse aventure. Elle a \u00e9t\u00e9 pr\u00e9sent\u00e9e lors de la soir\u00e9e \u00ab&nbsp;<strong>Laisser dire<\/strong>&nbsp;\u00bb du 7 juin 2022 au <strong>Blues-Sph\u00e8re<\/strong> avec pour th\u00e9matique impos\u00e9e \u00ab&nbsp;La Mer&nbsp;\u00bb.&nbsp;&nbsp; &nbsp;<\/em><\/p>\n\n\n\n<p><u>Pour soutenir l\u2019\u00e9cole des devoirs&nbsp;: Corinne Paquay, Pr\u00e9sidente- 0494 13 25 74 &#8211;&nbsp;<\/u><a href=\"mailto:cocopaquay@yahoo.fr\">cocopaquay@yahoo.fr<\/a><u>.<\/u><\/p>\n\n\n\n<pre class=\"wp-block-code\"><code>Cr\u00e9dit photo : Image par <a href=\"https:\/\/pixabay.com\/fr\/users\/dimitrisvetsikas1969-1857980\/?utm_source=link-attribution&amp;utm_medium=referral&amp;utm_campaign=image&amp;utm_content=3473335\">Dimitris Vetsikas<\/a> de <a href=\"https:\/\/pixabay.com\/fr\/?utm_source=link-attribution&amp;utm_medium=referral&amp;utm_campaign=image&amp;utm_content=3473335\">Pixabay<\/a><\/code><\/pre>\n","protected":false},"excerpt":{"rendered":"<p>J&rsquo;ai dix ans et je n&rsquo;ai jamais vu la mer. Elle n&rsquo;est pourtant pas loin, \u00e0 peine deux heures de train. Je ne l&rsquo;ai jamais vue sauf sur ma tablette et \u00e0 la t\u00e9l\u00e9vision. Elle m&rsquo;intrigue. Elle est toute plate, semble si calme et pourtant elle peut se d\u00e9cha\u00eener, un peu comme maman. Quand quelque &hellip; <\/p>\n<p class=\"link-more\"><a href=\"https:\/\/didierjoris.com\/?p=1198\" class=\"more-link\">Continuer la lecture<span class=\"screen-reader-text\"> de &laquo;&nbsp;J&rsquo;ai dix ans et je n&rsquo;ai jamais vu la mer&nbsp;&raquo;<\/span><\/a><\/p>\n","protected":false},"author":1,"featured_media":0,"comment_status":"closed","ping_status":"closed","sticky":false,"template":"","format":"standard","meta":{"footnotes":""},"categories":[1],"tags":[],"class_list":["post-1198","post","type-post","status-publish","format-standard","hentry","category-uncategorized"],"_links":{"self":[{"href":"https:\/\/didierjoris.com\/index.php?rest_route=\/wp\/v2\/posts\/1198","targetHints":{"allow":["GET"]}}],"collection":[{"href":"https:\/\/didierjoris.com\/index.php?rest_route=\/wp\/v2\/posts"}],"about":[{"href":"https:\/\/didierjoris.com\/index.php?rest_route=\/wp\/v2\/types\/post"}],"author":[{"embeddable":true,"href":"https:\/\/didierjoris.com\/index.php?rest_route=\/wp\/v2\/users\/1"}],"replies":[{"embeddable":true,"href":"https:\/\/didierjoris.com\/index.php?rest_route=%2Fwp%2Fv2%2Fcomments&post=1198"}],"version-history":[{"count":7,"href":"https:\/\/didierjoris.com\/index.php?rest_route=\/wp\/v2\/posts\/1198\/revisions"}],"predecessor-version":[{"id":1212,"href":"https:\/\/didierjoris.com\/index.php?rest_route=\/wp\/v2\/posts\/1198\/revisions\/1212"}],"wp:attachment":[{"href":"https:\/\/didierjoris.com\/index.php?rest_route=%2Fwp%2Fv2%2Fmedia&parent=1198"}],"wp:term":[{"taxonomy":"category","embeddable":true,"href":"https:\/\/didierjoris.com\/index.php?rest_route=%2Fwp%2Fv2%2Fcategories&post=1198"},{"taxonomy":"post_tag","embeddable":true,"href":"https:\/\/didierjoris.com\/index.php?rest_route=%2Fwp%2Fv2%2Ftags&post=1198"}],"curies":[{"name":"wp","href":"https:\/\/api.w.org\/{rel}","templated":true}]}}