{"id":1230,"date":"2023-02-02T17:38:57","date_gmt":"2023-02-02T17:38:57","guid":{"rendered":"https:\/\/didierjoris.com\/?p=1230"},"modified":"2023-02-07T07:02:38","modified_gmt":"2023-02-07T07:02:38","slug":"james-et-zorro","status":"publish","type":"post","link":"https:\/\/didierjoris.com\/?p=1230","title":{"rendered":"James et Zorro"},"content":{"rendered":"\n<p><strong><em>Texte pr\u00e9sent\u00e9 au Blues-Sphere le 2 f\u00e9vrier 2023 dans le cadre des soir\u00e9es \u00ab Laisser dire \u00bb avec pour th\u00e8me : \u00ab Le masque \u00bb<\/em><\/strong><\/p>\n\n\n\n<p>Je connais J\u00e9r\u00f4me depuis que je suis tout petit, depuis la cr\u00e8che.<\/p>\n\n\n\n<p>Nous sommes de vrais amis ou plut\u00f4t, nous \u00e9tions de vrais amis.<\/p>\n\n\n\n<p>En effet, un beau jour de printemps, Anna et ses parents se sont install\u00e9s face \u00e0 nos demeures. Elle nous disait avoir 13 ans et pr\u00e9tendait tout savoir de la vie.<\/p>\n\n\n\n<p>D\u00e8s le premier jour de son arriv\u00e9e, son sourire malicieux, son regard mutin et sa fa\u00e7on de mettre en avant ses petits seins naissants ont \u00e9moustill\u00e9 tant mes sens que ceux de mon copain J\u00e9r\u00f4me.<\/p>\n\n\n\n<p>Curieusement, depuis qu\u2019Anna a investi le quartier, J\u00e9r\u00f4me n&rsquo;est plus le m\u00eame. Il fait le malin. Il roule des m\u00e9caniques, fait le gars s\u00fbr de lui. Il commence \u00e0 avoir un avis sur tout et sur rien, m\u00eame sur la politique. En mati\u00e8re d&rsquo;amour, je devrais plut\u00f4t dire en mati\u00e8re de sexe, il fait celui qui pr\u00e9tend conna\u00eetre la chose. Oui, J\u00e9r\u00f4me n&rsquo;est plus le m\u00eame.<\/p>\n\n\n\n<p>Cela m\u2019attriste d\u2019autant qu\u2019Anna jette plut\u00f4t son d\u00e9volu sur lui. Je devrais dire sur son personnage car J\u00e9r\u00f4me n&rsquo;est plus J\u00e9r\u00f4me. Il se d\u00e9guise, il se travestit. Il a deux facettes, comme Don Diego de la Vega. Charmeur na\u00eff et malhabile, il met un masque et se transforme pour appara\u00eetre sous les traits d&rsquo;un h\u00e9ros. J\u00e9r\u00f4me devient Zorro.<\/p>\n\n\n\n<p>Or moi aussi, j\u2019aime Anna.<\/p>\n\n\n\n<p>Cette lutte pour conqu\u00e9rir le c\u0153ur d\u2019Anna est le premier vrai combat de ma vie. Le soir, je pense \u00e0 elle et m\u2019imagine la d\u00e9livrer des mains de brigands qui veulent l\u2019enlever tant sa beaut\u00e9 est d\u00e9sirable.<\/p>\n\n\n\n<p>Je m\u2019inspire alors de Batman ou de Flash Gordon. Pas pour du rire comme je le faisais avec mes d\u00e9guisements d&rsquo;enfant re\u00e7us \u00e0 la Saint-Nicolas, mais pour du vrai.<\/p>\n\n\n\n<p>Oui pour du vrai. D\u2019ailleurs je deviens un autre\u2026 je le sens. Surtout dans mon corps qui se transforme. \u00c7a se voit \u00e0 l&rsquo;acn\u00e9 sur mon visage, au timbre de ma voix, aux poils d\u00e9gueulasses qui me poussent un peu partout et \u00e0 ma zigounette qui ne me laisse jamais en paix.<\/p>\n\n\n\n<p>J&rsquo;en ai parl\u00e9 \u00e0 maman. Maman est psychologue. Elle m&rsquo;a dit que c&rsquo;\u00e9tait normal. Que J\u00e9r\u00f4me et moi quittions l&rsquo;enfance pour entrer dans le monde des adultes avec ses codes, ses codes principalement sociaux. Un monde adulte avec ses lois, surtout celle du plus fort ou, en tout cas, de celui qui semble le plus fort.<\/p>\n\n\n\n<p>Je n&rsquo;ai pas tout compris mais il para\u00eet que d\u00e8s qu&rsquo;on quitte l&rsquo;enfance, on devient plusieurs personnes. J&rsquo;ai trouv\u00e9 \u00e7a fou ! Bient\u00f4t, je ne serai plus uniquement moi-m\u00eame. Comme elle dit, je devrai m&rsquo;adapter au milieu ambiant. Elle m&rsquo;a dit que c&rsquo;\u00e9tait un m\u00e9canisme de survie. Je trouve \u00e7a tr\u00e8s bizarre. Elle m&rsquo;expliquait que, par exemple, des gens peu honn\u00eates donnaient d\u2019eux une image de respectabilit\u00e9 et de vertu. Des cons finis laissaient croire qu&rsquo;ils \u00e9taient sup\u00e9rieurement intelligents. Para\u00eetre intelligent, s\u00e9duisant, honorable, jeune, riche, cultiv\u00e9, d\u00e9fenseur des bonnes causes \u00e9tait le grand jeu des adultes. Un jeu qu&rsquo;ils copiaient sur ceux de leurs parents sans en conna\u00eetre r\u00e9ellement les r\u00e8gles.<\/p>\n\n\n\n<p>Pour \u00eatre accept\u00e9, tout le monde veut se pr\u00e9senter sous son meilleur jour m\u2019a dit maman. Elle soutient que, comme Zorro, la majorit\u00e9 des gens mettent un masque et jouent un ou plusieurs r\u00f4les\u2026<\/p>\n\n\n\n<p>C\u2019est \u00e9trange.<\/p>\n\n\n\n<p>Je l&rsquo;avais cependant d\u00e9j\u00e0 constat\u00e9 sur Tik Tok. Car si J\u00e9r\u00f4me n&rsquo;est plus vraiment J\u00e9r\u00f4me, mes autres copains ont aussi chang\u00e9. Maman pr\u00e9tend que c&rsquo;est la fin de l&rsquo;insouciance. Elle semblait vraiment triste quand elle m&rsquo;a dit \u00e7a.<\/p>\n\n\n\n<p>Le soir, je suis all\u00e9 sur Internet. J&rsquo;ai tap\u00e9 \u00ab\u00a0masque\u00a0\u00bb. J\u2019ai d\u00e9couvert des collections de masques du monde entier. Je me suis dit que dans notre petit royaume, avec ses rois, ses reines, ses princes et princesses, nous devions \u00eatre diff\u00e9rents des autres. Notre pays ne pouvait \u00eatre qu\u2019un territoire de h\u00e9ros et l\u2019\u00e9picentre du monde des gens masqu\u00e9s. J\u2019ai alors tap\u00e9 \u00ab\u00a0masque et Belgique\u00a0\u00bb. Parmi les images, j&rsquo;ai vu des peintures d&rsquo;un Ostendais appel\u00e9 Ensor, James Ensor.<\/p>\n\n\n\n<p>J\u2019\u00e9tais \u00e0 la fois horrifi\u00e9 et fascin\u00e9. Ces visages d\u00e9form\u00e9s par les mensonges et par les conventions, cette t\u00eate de mort qui nous rappelait la bri\u00e8vet\u00e9 de notre passage sur terre. Une t\u00eate de mort qui repr\u00e9sentait aussi l\u2019extinction de notre propre moi. Mais cela je ne le comprendrais que bien plus tard quand j\u2019aurais moi-m\u00eame v\u00e9cu longuement dans le monde des masques.<\/p>\n\n\n\n<p>Aujourd\u2019hui, je connais le monde des masques, un monde de compromission fait de trahisons pour rentrer dans le moule d\u2019une forme de bonheur illusoire partag\u00e9 \u00e0 tout va, surtout au travers de la toile.<\/p>\n\n\n\n<p>Il faut ne jamais d\u00e9cevoir au risque de para\u00eetre faible et d\u2019\u00eatre rejet\u00e9. On se doit d\u2019\u00eatre beau ou belle, intelligent ou intelligente, empli d\u2019humour, d\u2019avoir un avis sur tout, d\u2019avoir la peau bronz\u00e9e le long d\u2019une piscine, d\u2019un lac ou d\u2019une mer quelconque mais id\u00e9alement la plus \u00e9loign\u00e9e possible de son chez soi.<\/p>\n\n\n\n<p>Parmi tous les porteurs et porteuses de masques, tr\u00e8s curieusement, la majorit\u00e9 de ceux et celles qui pr\u00e9tendent \u00eatre eux-m\u00eames et parler vrai n\u2019ont pas conscience d\u2019en porter un. Grandes gueules au franc-parler, derri\u00e8re leurs beaux discours ne se cache souvent qu\u2019un tissu de croyances erron\u00e9es, de biais cognitifs qui ont model\u00e9 leur jeu d\u2019acteur afin d\u2019imposer aux yeux du plus grand nombre leurs certitudes illusoires.<\/p>\n\n\n\n<p>Gr\u00e2ce \u00e0 maman et \u00e0 l\u2019h\u00e9ritage pictural de mon ami James, j\u2019essaie de sortir du tableau. Je n\u00e9gocie avec moi-m\u00eame pour ne pas me cr\u00e9er une seconde vie parall\u00e8le \u00e0 la premi\u00e8re, celle que je n\u2019aurais jamais d\u00fb quitter. Celle de l\u2019insouciance de l\u2019enfance.<\/p>\n\n\n\n<p>Cependant, depuis mon premier fr\u00e9tillement d\u2019amour pour Anna, je sais ce combat vain. Contre mon gr\u00e9, je vis dans le monde des masques et me plie \u00e0 ses diktats. C\u2019est \u00e0 la fois d\u00e9solant et fascinant. Au fil du temps, je prends conscience de la m\u00e9tamorphose de mon \u00eatre qui n\u2019est plus celui qu\u2019il a \u00e9t\u00e9 mais qui n\u2019est jamais compl\u00e8tement un autre. Moi et mes masques formons l\u2019alpha et l\u2019om\u00e9ga de mon \u00eatre.<\/p>\n\n\n\n<p>Comme nous tous, le dernier masque que je porterai sera celui de la mort.<\/p>\n\n\n\n<p>Saurai-je alors qui j\u2019\u00e9tais\u00a0vraiment ?<\/p>\n","protected":false},"excerpt":{"rendered":"<p>Texte pr\u00e9sent\u00e9 au Blues-Sphere le 2 f\u00e9vrier 2023 dans le cadre des soir\u00e9es \u00ab Laisser dire \u00bb avec pour th\u00e8me : \u00ab Le masque \u00bb Je connais J\u00e9r\u00f4me depuis que je suis tout petit, depuis la cr\u00e8che. Nous sommes de vrais amis ou plut\u00f4t, nous \u00e9tions de vrais amis. En effet, un beau jour de &hellip; <\/p>\n<p class=\"link-more\"><a href=\"https:\/\/didierjoris.com\/?p=1230\" class=\"more-link\">Continuer la lecture<span class=\"screen-reader-text\"> de &laquo;&nbsp;James et Zorro&nbsp;&raquo;<\/span><\/a><\/p>\n","protected":false},"author":1,"featured_media":0,"comment_status":"closed","ping_status":"closed","sticky":false,"template":"","format":"standard","meta":{"footnotes":""},"categories":[1],"tags":[],"class_list":["post-1230","post","type-post","status-publish","format-standard","hentry","category-uncategorized"],"_links":{"self":[{"href":"https:\/\/didierjoris.com\/index.php?rest_route=\/wp\/v2\/posts\/1230","targetHints":{"allow":["GET"]}}],"collection":[{"href":"https:\/\/didierjoris.com\/index.php?rest_route=\/wp\/v2\/posts"}],"about":[{"href":"https:\/\/didierjoris.com\/index.php?rest_route=\/wp\/v2\/types\/post"}],"author":[{"embeddable":true,"href":"https:\/\/didierjoris.com\/index.php?rest_route=\/wp\/v2\/users\/1"}],"replies":[{"embeddable":true,"href":"https:\/\/didierjoris.com\/index.php?rest_route=%2Fwp%2Fv2%2Fcomments&post=1230"}],"version-history":[{"count":3,"href":"https:\/\/didierjoris.com\/index.php?rest_route=\/wp\/v2\/posts\/1230\/revisions"}],"predecessor-version":[{"id":1243,"href":"https:\/\/didierjoris.com\/index.php?rest_route=\/wp\/v2\/posts\/1230\/revisions\/1243"}],"wp:attachment":[{"href":"https:\/\/didierjoris.com\/index.php?rest_route=%2Fwp%2Fv2%2Fmedia&parent=1230"}],"wp:term":[{"taxonomy":"category","embeddable":true,"href":"https:\/\/didierjoris.com\/index.php?rest_route=%2Fwp%2Fv2%2Fcategories&post=1230"},{"taxonomy":"post_tag","embeddable":true,"href":"https:\/\/didierjoris.com\/index.php?rest_route=%2Fwp%2Fv2%2Ftags&post=1230"}],"curies":[{"name":"wp","href":"https:\/\/api.w.org\/{rel}","templated":true}]}}