{"id":1450,"date":"2026-09-03T17:04:19","date_gmt":"2026-09-03T17:04:19","guid":{"rendered":"https:\/\/didierjoris.com\/?p=1450"},"modified":"2026-09-03T17:09:53","modified_gmt":"2026-09-03T17:09:53","slug":"tintin-est-triste","status":"publish","type":"post","link":"https:\/\/didierjoris.com\/?p=1450","title":{"rendered":"Tintin est triste"},"content":{"rendered":"\n<figure class=\"wp-block-image size-full\"><img loading=\"lazy\" decoding=\"async\" width=\"940\" height=\"470\" src=\"https:\/\/didierjoris.com\/wp-content\/uploads\/2026\/09\/faubourg-decor-Bob-2.jpg\" alt=\"\" class=\"wp-image-1451\" srcset=\"https:\/\/didierjoris.com\/wp-content\/uploads\/2026\/09\/faubourg-decor-Bob-2.jpg 940w, https:\/\/didierjoris.com\/wp-content\/uploads\/2026\/09\/faubourg-decor-Bob-2-300x150.jpg 300w, https:\/\/didierjoris.com\/wp-content\/uploads\/2026\/09\/faubourg-decor-Bob-2-768x384.jpg 768w\" sizes=\"auto, (max-width: 767px) 89vw, (max-width: 1000px) 54vw, (max-width: 1071px) 543px, 580px\" \/><\/figure>\n\n\n\n<p class=\"wp-block-paragraph\">Tintin est triste. Il pleure la mort d\u2019un ami fid\u00e8le et de l\u2019un de ses plus fervents d\u00e9fenseurs.<\/p>\n\n\n\n<p class=\"wp-block-paragraph\">Bob s\u2019en est all\u00e9.<\/p>\n\n\n\n<p class=\"wp-block-paragraph\">Fondateur d\u2019un lieu mythique de la capitale, le Faubourg Saint-Antoine \u00e0 Schaerbeek, il n\u2019a eu de cesse, durant 33 ans, de partager avec nous son sens de l\u2019amiti\u00e9, sa succulente cuisine et son amour du c\u00e9l\u00e8bre reporter. &nbsp;<\/p>\n\n\n\n<p class=\"wp-block-paragraph\">Je l\u2019ai connu \u00e0 ses d\u00e9buts, au sein de sa premi\u00e8re implantation, alors que je vivais l\u2019aventure d\u2019un studio graphique naissant cr\u00e9\u00e9 par mon ami Alain Goffin qui m\u2019y invitait souvent.<\/p>\n\n\n\n<p class=\"wp-block-paragraph\">Chaque fois que l\u2019on passait la porte du Faubourg, l\u2019enchantement demeurait intact. Aller chez Bob, c\u2019\u00e9tait s\u2019impr\u00e9gner d\u2019une partie de belgitude qui nous rappelait notre enfance, mais aussi nos racines, faites de d\u00e9rision et de surr\u00e9alisme.<\/p>\n\n\n\n<p class=\"wp-block-paragraph\">Avec ses amis illustrateurs et dessinateurs, avec sa riche collection d\u2019objets ouverte \u00e0 tous, ce tintinophile averti nous faisait d\u00e9couvrir d\u2019autres facettes de notre h\u00e9ros de papier et de ses compagnons, avec parfois des penchants, des d\u00e9sirs et des travers qui les faisaient appara\u00eetre plus proches de nous. De joyeuses irr\u00e9v\u00e9rences qui d\u00e9plurent d\u2019ailleurs aux gardiens du culte de Moulinsart, lesquels consid\u00e9raient l\u2019existence de ce lieu comme une h\u00e9r\u00e9sie.<\/p>\n\n\n\n<p class=\"wp-block-paragraph\">Mais, fort d\u2019un soutien massif, Bob se battra et continuera de nous faire partager sa passion. &nbsp;&nbsp;<\/p>\n\n\n\n<p class=\"wp-block-paragraph\">Et nous \u00e9tions nombreux. Le Faubourg Saint-Antoine, c\u2019\u00e9tait l\u2019auberge \u00ab&nbsp;presque espagnole&nbsp;\u00bb, o\u00f9 se c\u00f4toyaient Bruxellois, Wallons et Flamands, mais aussi de nombreux zinnekes du coin. Une auberge \u00e0 la carte ind\u00e9modable, parcourue par de petits aimants voyageurs qui fixaient les d\u00e9sirs d\u2019une client\u00e8le fid\u00e8le et toujours conquise.<\/p>\n\n\n\n<p class=\"wp-block-paragraph\">Mais si on venait chez Bob, c\u2019est surtout parce qu\u2019on s\u2019y sentait presque chez soi, avec un accueil \u00e0 nul autre pareil. C\u2019est avant tout chez un ami que l\u2019on se rendait.<\/p>\n\n\n\n<p class=\"wp-block-paragraph\">Avenant, joyeux, pr\u00e9venant, Bob avait l\u2019\u00e9coute attentive et les yeux p\u00e9tillants, empreints d\u2019empathie, qui toujours semblaient dire&nbsp;: \u00ab&nbsp;Je t\u2019ai compris&nbsp;\u00bb.<\/p>\n\n\n\n<p class=\"wp-block-paragraph\">Pour moi, Bruxelles ne sera plus tout \u00e0 fait la m\u00eame.<\/p>\n\n\n\n<p class=\"wp-block-paragraph\">Merci Bob.<\/p>\n\n\n\n<p class=\"wp-block-paragraph\"><em>Le restaurant est toujours pr\u00e9sent au n\u00b068 avenue Sleeckx. Bob en avait pass\u00e9 les manettes en raison de la maladie \u00e0 David Noel de Groof il y a 18 mois.<\/em><\/p>\n","protected":false},"excerpt":{"rendered":"<p>Tintin est triste. Il pleure la mort d\u2019un ami fid\u00e8le et de l\u2019un de ses plus fervents d\u00e9fenseurs. Bob s\u2019en est all\u00e9. Fondateur d\u2019un lieu mythique de la capitale, le Faubourg Saint-Antoine \u00e0 Schaerbeek, il n\u2019a eu de cesse, durant 33 ans, de partager avec nous son sens de l\u2019amiti\u00e9, sa succulente cuisine et son &hellip; <\/p>\n<p class=\"link-more\"><a href=\"https:\/\/didierjoris.com\/?p=1450\" class=\"more-link\">Continuer la lecture<span class=\"screen-reader-text\"> de &laquo;&nbsp;Tintin est triste&nbsp;&raquo;<\/span><\/a><\/p>\n","protected":false},"author":1,"featured_media":0,"comment_status":"closed","ping_status":"closed","sticky":false,"template":"","format":"standard","meta":{"footnotes":""},"categories":[5],"tags":[],"class_list":["post-1450","post","type-post","status-publish","format-standard","hentry","category-hommage"],"_links":{"self":[{"href":"https:\/\/didierjoris.com\/index.php?rest_route=\/wp\/v2\/posts\/1450","targetHints":{"allow":["GET"]}}],"collection":[{"href":"https:\/\/didierjoris.com\/index.php?rest_route=\/wp\/v2\/posts"}],"about":[{"href":"https:\/\/didierjoris.com\/index.php?rest_route=\/wp\/v2\/types\/post"}],"author":[{"embeddable":true,"href":"https:\/\/didierjoris.com\/index.php?rest_route=\/wp\/v2\/users\/1"}],"replies":[{"embeddable":true,"href":"https:\/\/didierjoris.com\/index.php?rest_route=%2Fwp%2Fv2%2Fcomments&post=1450"}],"version-history":[{"count":1,"href":"https:\/\/didierjoris.com\/index.php?rest_route=\/wp\/v2\/posts\/1450\/revisions"}],"predecessor-version":[{"id":1452,"href":"https:\/\/didierjoris.com\/index.php?rest_route=\/wp\/v2\/posts\/1450\/revisions\/1452"}],"wp:attachment":[{"href":"https:\/\/didierjoris.com\/index.php?rest_route=%2Fwp%2Fv2%2Fmedia&parent=1450"}],"wp:term":[{"taxonomy":"category","embeddable":true,"href":"https:\/\/didierjoris.com\/index.php?rest_route=%2Fwp%2Fv2%2Fcategories&post=1450"},{"taxonomy":"post_tag","embeddable":true,"href":"https:\/\/didierjoris.com\/index.php?rest_route=%2Fwp%2Fv2%2Ftags&post=1450"}],"curies":[{"name":"wp","href":"https:\/\/api.w.org\/{rel}","templated":true}]}}