{"id":244,"date":"2015-02-03T12:52:01","date_gmt":"2015-02-03T12:52:01","guid":{"rendered":"https:\/\/didierjoris.com\/?p=244"},"modified":"2018-03-04T13:21:38","modified_gmt":"2018-03-04T13:21:38","slug":"etat-dame-funebre","status":"publish","type":"post","link":"https:\/\/didierjoris.com\/?p=244","title":{"rendered":"\u00c9tat d\u2019\u00e2me fun\u00e8bre"},"content":{"rendered":"<p style=\"text-align: justify;\">Il est int\u00e9ressant de constater qu&rsquo;un dialogue s&rsquo;inscrit dans un contexte auquel il est parfois difficile d&rsquo;\u00e9chapper surtout lorsque la conversation prend une tournure focalis\u00e9e sur l&rsquo;\u00e9tat d&rsquo;\u00e2me particulier d&rsquo;un des interlocuteurs.<\/p>\n<p style=\"text-align: justify;\">Si on y est attentif, on constate alors que le vocabulaire utilis\u00e9 se cloisonne inconsciemment.<\/p>\n<p style=\"text-align: justify;\">Je vous retranscris ici, presque int\u00e9gralement, le bref dialogue t\u00e9l\u00e9phonique que j&rsquo;ai eu derni\u00e8rement avec un bon copain et qui illustre parfaitement mon propos.\u00a0 Malgr\u00e9 les circonstances et la distance qui nous s\u00e9pare d\u00e9sormais, j&rsquo;ai avec lui des contacts \u00e9pisodiques, particuli\u00e8rement chaque d\u00e9but d&rsquo;ann\u00e9e qui est pour nous l&rsquo;occasion de nous souhaiter mutuellement de bons v\u0153ux.<\/p>\n<p style=\"text-align: justify;\">Moi : \u00ab Salut, Claudy, \u00e7a va\u00a0?&#8230; Bonne ann\u00e9e\u00a0! \u00bb<\/p>\n<p style=\"text-align: justify;\">Lui : \u00ab Ah c&rsquo;est toi, depuis le temps. Oui, bonne ann\u00e9e. \u00bb<\/p>\n<p style=\"text-align: justify;\">Moi : \u00ab Et quelle nouvelle ? \u00bb<\/p>\n<p style=\"text-align: justify;\">Lui : \u00ab \u00c7a va, \u00e0 part que je suis crev\u00e9 \u00bb<\/p>\n<p style=\"text-align: justify;\">Moi : \u00ab Ah bon \u00bb<\/p>\n<p style=\"text-align: justify;\">Lui : \u00ab Ben oui, tu sais le boulot, les gosses, depuis ma rupture&#8230;Je suis d\u00e9bord\u00e9, je travaille comme un dingue, c\u2019est vraiment du suicide. \u00bb<\/p>\n<p style=\"text-align: justify;\">Moi : \u00ab Oui, j&rsquo;imagine. \u00bb<\/p>\n<p style=\"text-align: justify;\">Lui : \u00ab Je suis mort de fatigue et en plus, je dois aller \u00e0 un enterrement et je suis d\u00e9j\u00e0 en retard. \u00bb<\/p>\n<p style=\"text-align: justify;\">Moi : \u00ab D\u00e9sol\u00e9, je te rappellerai plus tard si tu veux \u00bb<\/p>\n<p style=\"text-align: justify;\">Lui : \u00ab Non \u00e7a va, de toute fa\u00e7on apr\u00e8s ce ne sera pas possible parce que je dois aller voir ma m\u00e8re. \u00bb<\/p>\n<p style=\"text-align: justify;\">Moi\u00a0: \u00ab Ah oui, elle va mieux ? \u00bb<\/p>\n<p style=\"text-align: justify;\">Lui\u00a0: \u00ab Non, elle est toujours malade &#8230;elle est presque \u00e0 la mort, oui presque&#8230;\u00a0\u00bb<\/p>\n<p style=\"text-align: justify;\">Moi\u00a0: \u00ab Mince. \u00c7a fait bien un an qu&rsquo;elle est comme \u00e7a. \u00bb<\/p>\n<p style=\"text-align: justify;\">Lui\u00a0: \u00ab Ben oui c\u2019est vrai, il y a un an, c&rsquo;\u00e9tait d\u00e9j\u00e0 le cas. \u00bb<\/p>\n<p style=\"text-align: justify;\">Moi\u00a0: \u00ab\u00a0Hum&#8230;\u00a0\u00bb<\/p>\n<p style=\"text-align: justify;\">Lui\u00a0: \u00ab Je vais la voir tous les jours \u00e0 la maison de repos. Je ne te dis pas, c&rsquo;est vraiment crevant. En plus, ce qui me tue ce sont les trajets. Je mets une demi-heure aller et une demi-heure retour. C&rsquo;est mortel. \u00a0Dis, faut vraiment que je te laisse, je dois aller \u00e0 mon enterrement. \u00bb<\/p>\n<p style=\"text-align: justify;\">Moi\u00a0: \u00ab \u00c0 ton enterrement ? \u00bb<\/p>\n<p style=\"text-align: justify;\">Lui\u00a0: \u00ab Non, c\u2019est fa\u00e7on de dire &#8230; \u00c0 l&rsquo;enterrement dont je t&rsquo;ai parl\u00e9&#8230; Un vieux du village\u2026comme on n&rsquo;aura pas l&rsquo;occasion de se voir au Nouvel An, bois une bonne bi\u00e8re \u00e0 ma sant\u00e9. \u00bb<\/p>\n<p style=\"text-align: justify;\">Moi\u00a0: \u00ab Oui Claudy, toi aussi bois une bonne bi\u00e8re, allez courage et \u00e0 bient\u00f4t. \u00bb.<\/p>\n<p style=\"text-align: justify;\">Dans ce dialogue, mon brave ami Claudy \u00e9tait pi\u00e9g\u00e9 inconsciemment par un \u00e9tat d&rsquo;\u00e2me funeste et m\u00eame fun\u00e8bre.<\/p>\n<p style=\"text-align: justify;\">Il en va ainsi pour beaucoup de conversations o\u00f9 un vocabulaire sp\u00e9cifique et restreint trouve expression en fonction de notre \u00e9tat d\u2019esprit du moment, mais nous ne nous en rendons pas compte.<\/p>\n<p style=\"text-align: justify;\">Lorsque ce ph\u00e9nom\u00e8ne se produit et devient inconsciemment g\u00eanant pour la personne \u00e0 votre \u00e9coute, celle-ci vous poussera \u00e0 changer de sujet et donc \u00e0 modifier le choix de vos mots.<\/p>\n<p style=\"text-align: justify;\">Pourquoi ce souhait de changement ?<\/p>\n<p style=\"text-align: justify;\">Simplement parce que, comme dans notre cas de figure, c&rsquo;est crevant de participer \u00e0 de telles conversations.<\/p>\n","protected":false},"excerpt":{"rendered":"<p>Il est int\u00e9ressant de constater qu&rsquo;un dialogue s&rsquo;inscrit dans un contexte auquel il est parfois difficile d&rsquo;\u00e9chapper surtout lorsque la conversation prend une tournure focalis\u00e9e sur l&rsquo;\u00e9tat d&rsquo;\u00e2me particulier d&rsquo;un des interlocuteurs. Si on y est attentif, on constate alors que le vocabulaire utilis\u00e9 se cloisonne inconsciemment. Je vous retranscris ici, presque int\u00e9gralement, le bref &hellip; <\/p>\n<p class=\"link-more\"><a href=\"https:\/\/didierjoris.com\/?p=244\" class=\"more-link\">Continuer la lecture<span class=\"screen-reader-text\"> de &laquo;&nbsp;\u00c9tat d\u2019\u00e2me fun\u00e8bre&nbsp;&raquo;<\/span><\/a><\/p>\n","protected":false},"author":1,"featured_media":0,"comment_status":"closed","ping_status":"closed","sticky":false,"template":"","format":"standard","meta":{"footnotes":""},"categories":[9],"tags":[],"class_list":["post-244","post","type-post","status-publish","format-standard","hentry","category-plaisirs-divers"],"_links":{"self":[{"href":"https:\/\/didierjoris.com\/index.php?rest_route=\/wp\/v2\/posts\/244","targetHints":{"allow":["GET"]}}],"collection":[{"href":"https:\/\/didierjoris.com\/index.php?rest_route=\/wp\/v2\/posts"}],"about":[{"href":"https:\/\/didierjoris.com\/index.php?rest_route=\/wp\/v2\/types\/post"}],"author":[{"embeddable":true,"href":"https:\/\/didierjoris.com\/index.php?rest_route=\/wp\/v2\/users\/1"}],"replies":[{"embeddable":true,"href":"https:\/\/didierjoris.com\/index.php?rest_route=%2Fwp%2Fv2%2Fcomments&post=244"}],"version-history":[{"count":1,"href":"https:\/\/didierjoris.com\/index.php?rest_route=\/wp\/v2\/posts\/244\/revisions"}],"predecessor-version":[{"id":245,"href":"https:\/\/didierjoris.com\/index.php?rest_route=\/wp\/v2\/posts\/244\/revisions\/245"}],"wp:attachment":[{"href":"https:\/\/didierjoris.com\/index.php?rest_route=%2Fwp%2Fv2%2Fmedia&parent=244"}],"wp:term":[{"taxonomy":"category","embeddable":true,"href":"https:\/\/didierjoris.com\/index.php?rest_route=%2Fwp%2Fv2%2Fcategories&post=244"},{"taxonomy":"post_tag","embeddable":true,"href":"https:\/\/didierjoris.com\/index.php?rest_route=%2Fwp%2Fv2%2Ftags&post=244"}],"curies":[{"name":"wp","href":"https:\/\/api.w.org\/{rel}","templated":true}]}}