{"id":833,"date":"2019-12-01T15:22:53","date_gmt":"2019-12-01T15:22:53","guid":{"rendered":"https:\/\/didierjoris.com\/?p=833"},"modified":"2019-12-01T15:37:57","modified_gmt":"2019-12-01T15:37:57","slug":"enfant-sage","status":"publish","type":"post","link":"https:\/\/didierjoris.com\/?p=833","title":{"rendered":"Enfant Sage"},"content":{"rendered":"\n<p><em><strong>Texte pr\u00e9sent\u00e9 au Blues Sph\u00e8re le  3 d\u00e9cembre 2019 dans le cadre des soir\u00e9es \u00ab Laisser dire \u00bb avec pour th\u00e8me : \u00ab\u00a0Enfant Sage\u00a0\u00bb. <\/strong><\/em><\/p>\n\n\n\n<p>On me dit m\u00e9lancolique et souvent\nabsente, avec toujours au coin des l\u00e8vres ce petit sourire fig\u00e9 qui tente d\u2019\u00e9gayer\nun visage fade au regard perdu. Un regard triste et sans profondeur qui semble \u00e0\nla recherche d\u2019un paradis perdu. Ce paradis perdu, c\u2019est sans doute celui d\u2019un\nfoyer chaleureux, celui que j\u2019ai d\u00fb quitter voil\u00e0 maintenant deux ans et demi.<\/p>\n\n\n\n<p>Cela fait en effet deux ans et demi que je suis s\u00e9par\u00e9e de ma famille une longue partie de l\u2019ann\u00e9e. Face \u00e0 l\u2019ambition d\u00e9vorante de mener de brillantes carri\u00e8res, je comprends ce choix qui a pouss\u00e9 ceux qui m\u2019aimaient \u00e0 me confier aux Bonnes S\u0153urs de la Charit\u00e9 dont je suis d\u00e9sormais l\u2019une des pensionnaires. <\/p>\n\n\n\n<p>Au\nd\u00e9but, ce fut difficile. Il m\u2019a fallu trouver mes marques, mon territoire.\nHeureusement, j\u2019ai une chambr\u00e9e o\u00f9 je suis seule et mes nouveaux camarades sont\ntous tr\u00e8s attentionn\u00e9s malgr\u00e9 le fait qu\u2019eux aussi n\u2019ont, pour la plupart part,\npas choisis d\u2019\u00eatre sevr\u00e9 de l\u2019affection de leur famille.<\/p>\n\n\n\n<p>De tous,\nil y en a un que je pr\u00e9f\u00e8re. C\u2019est Bastien. Il a beaucoup d\u2019humour et j\u2019ai avec\nlui une tr\u00e8s grande complicit\u00e9. Il me fait beaucoup rire et parfois il me pince\nles fesses en me disant que je suis tr\u00e8s jolie. \u00c7a me fait rougir. J\u2019en suis\nquelque peu g\u00ean\u00e9e m\u00eame si, je dois bien l\u2019avouer, cela me fait plaisir.<\/p>\n\n\n\n<p>Et puis\nil y a Antoine, aussi un comique dans son genre. Un vrai distrait. Il oublie\ntoujours tout et \u00e0 toujours l\u2019air dans un autre monde. Alors on se moque\ngentiment de lui\u2026<\/p>\n\n\n\n<p>Une que\nj\u2019aime moins, c\u2019est Josiane. Elle fait toujours dans sa culotte et ne s\u2019en rend\nm\u00eame pas compte. En plus, elle sent vraiment mauvais, alors j\u2019\u00e9vite de m\u2019asseoir\n\u00e0 ses c\u00f4t\u00e9s. <\/p>\n\n\n\n<p>Et\npuis, il y a aussi Fabrice. \u00ab\u2009Monsieur Je Sais Tout\u2009\u00bb qui semble avoir v\u00e9cu\nmille vies. Un fanfaron qui passe son temps \u00e0 nous raconter ses pr\u00e9tendues\naventures au Congo, en Asie, en Am\u00e9rique, etc. Avec les copines, on l\u2019a\nsurnomm\u00e9 Tintin. <\/p>\n\n\n\n<p>Celle dont j\u2019\u00e9vite la pr\u00e9sence, c\u2019est Marie-Solange. Elle fait toujours sa maline. Elle pr\u00e9tend qu\u2019elle lit trois livres par semaine. \u00c7a m\u2019\u00e9tonnerait d\u2019autant qu\u2019elle est bigleuse et qu\u2019elle doit porter en permanence de grosses lunettes avec de gros verres qui ressemblent \u00e0 des fonds bouteilles. Au repas, elle \u00e9pluche son orange avec un couteau et nous snobe en nous reprochant notre manque d\u2019\u00e9ducation. Car Madame est une noble et c\u2019est avec condescendance qu\u2019elle s\u2019adresse \u00e0 nous, uniquement lorsque les circonstances l\u2019y obligent. Vraiment une salle punaise. Mais il faut de tout pour faire un monde. <\/p>\n\n\n\n<p>Les\njourn\u00e9es me semblent souvent longues sauf lorsque nous avons gymnastique, trois\nheures par semaine. Ces heures-l\u00e0 me permettent de reprendre r\u00e9ellement contact\navec mon corps qui mute peu \u00e0 peu. Hier, j\u2019ai arbor\u00e9 ma nouvelle tenue fluo.\nLes autres en \u00e9taient jalouses d\u2019autant qu\u2019elle met bien en avant mes rondeurs.\nDes rondeurs appr\u00e9ci\u00e9es \u00e0 leur juste valeur par l\u2019\u00e9rection validatrice de\nBastien. <\/p>\n\n\n\n<p>Le\nmidi, ce sont souvent les m\u00eames repas qui nous sont propos\u00e9s. C\u2019est bon, mais\nce n\u2019est pas comme \u00e0 la maison. Moi, c\u2019est le mercredi que je pr\u00e9f\u00e8re avec le\npoulet frites compote. La semaine derni\u00e8re, Francine m\u2019a beaucoup fait rire,\ncar elle a perdu ses deux dents de devant de sorte que depuis elle ne mange que\nde la pur\u00e9e. On l\u2019appelle Francine Stein\u2026 On est un peu sales gosses mais en\nv\u00e9rit\u00e9, ce n\u2019est pas bien m\u00e9chant. <\/p>\n\n\n\n<p>Le soir dans ma chambre, j\u2019ai souvent bien des difficult\u00e9s \u00e0 m\u2019endormir. Je pense \u00e0 papa et maman, \u00e0 mes fr\u00e8res et s\u0153urs puis je fais une pri\u00e8re avant de m\u2019endormir afin que le ciel leur soit cl\u00e9ment. Lorsque j\u2019ai des insomnies, je regarde la t\u00e9l\u00e9vision sur ma tablette. Avec quelques amies, on s\u2019est partag\u00e9 un abonnement Netflix. Je dois aussi \u00e0 la v\u00e9rit\u00e9 d\u2019avouer qu\u2019il m\u2019arrive de regarder des vid\u00e9os un peu coquines et cela \u00e9veille en moi des sentiments contradictoires. Suis-je comme on dit h\u00e9t\u00e9ro, bi, homo\u2009? Je n\u2019en sais trop rien, car m\u00eame si j\u2019aime les petites pincettes de Bastien, il m\u2019arrive d\u2019\u00eatre troubl\u00e9 par le regard concupiscent de Josiane. Il para\u00eet, d\u2019apr\u00e8s les autres, qu\u2019elle n\u2019est pas indiff\u00e9rente au charme f\u00e9minin.<\/p>\n\n\n\n<p>M\u00eame si nous sommes loin\nde nos familles et si notre petit monde est surtout rythm\u00e9 par l\u2019heure des\nrepas et des messes, il existe heureusement quelques grandes f\u00eates du\ncalendrier qui viennent bouleverser notre quotidien, particuli\u00e8rement en ce\nmois de d\u00e9cembre.<\/p>\n\n\n\n<p>La semaine derni\u00e8re, la\ndirectrice, s\u0153ur Marie Agn\u00e8s, m\u2019a demand\u00e9 si j\u2019\u00e9tais contente de la venue\nprochaine de Saint-Nicolas. <\/p>\n\n\n\n<p>Je lui ai dit que bien s\u00fbr\nje m\u2019en r\u00e9jouissais, mais j\u2019ai pens\u00e9 au fond de moi&nbsp;: \u00ab\u2009Esp\u00e8ce d\u2019idiote.\nTu me traites comme une gamine. Comme si je ne savais pas qui \u00e9tait vraiment\nSaint-Nicolas. \u00c0 mon \u00e2ge\u2009!\u2009\u00bb <\/p>\n\n\n\n<p>Je ne sais trop ce que\nSaint-Nicolas m\u2019apportera cette ann\u00e9e et \u00e0 la rigueur je m\u2019en fiche. <\/p>\n\n\n\n<p>Toute ma vie, j\u2019aurais tent\u00e9\nd\u2019\u00eatre une enfant sage. <\/p>\n\n\n\n<p>Mais alors que, dans cette\nmaison de retraite surchauff\u00e9e, l\u2019ombre de mes derniers jours se profile, je ne\ntrouve malheureusement aucune sagesse qui puisse expliquer la raison qui m\u2019a un\njour fait quitter l\u2019insouciance de l\u2019enfance. <\/p>\n\n\n\n<p>Quand eut lieu le point de\nrupture\u2009? <\/p>\n\n\n\n<p>\u00c9tait-ce \u00e0 la rentr\u00e9e en premi\u00e8re ann\u00e9e d&rsquo;\u00e9cole primaire,  le jour de ma premi\u00e8re communion, lors de mon premier baiser, &#8230; ? Non. Apr\u00e8s r\u00e9flexions, je pense que ce fut ce jour de novembre o\u00f9 je d\u00e9couvris que le mensonge faisait partie de ce monde, le jour o\u00f9 mon petit camarade de classe m\u2019annon\u00e7a que Saint-Nicolas n\u2019existait pas. <\/p>\n\n\n\n<p>Je me sentis dup\u00e9e,\nd\u00e9poss\u00e9d\u00e9e de l\u2019univers candide que je m\u2019\u00e9tais cr\u00e9\u00e9, un univers d\u2019abondance et\nde tous les possibles. <\/p>\n\n\n\n<p>C\u2019est jour-l\u00e0 que j\u2019ai\nquitt\u00e9 le paradis de l\u2019enfance pour m\u2019enfoncer dans le monde hypocrite des\nadultes.<\/p>\n","protected":false},"excerpt":{"rendered":"<p>Texte pr\u00e9sent\u00e9 au Blues Sph\u00e8re le 3 d\u00e9cembre 2019 dans le cadre des soir\u00e9es \u00ab Laisser dire \u00bb avec pour th\u00e8me : \u00ab\u00a0Enfant Sage\u00a0\u00bb. On me dit m\u00e9lancolique et souvent absente, avec toujours au coin des l\u00e8vres ce petit sourire fig\u00e9 qui tente d\u2019\u00e9gayer un visage fade au regard perdu. Un regard triste et sans &hellip; <\/p>\n<p class=\"link-more\"><a href=\"https:\/\/didierjoris.com\/?p=833\" class=\"more-link\">Continuer la lecture<span class=\"screen-reader-text\"> de &laquo;&nbsp;Enfant Sage&nbsp;&raquo;<\/span><\/a><\/p>\n","protected":false},"author":1,"featured_media":0,"comment_status":"closed","ping_status":"closed","sticky":false,"template":"","format":"standard","meta":{"footnotes":""},"categories":[1],"tags":[],"class_list":["post-833","post","type-post","status-publish","format-standard","hentry","category-uncategorized"],"_links":{"self":[{"href":"https:\/\/didierjoris.com\/index.php?rest_route=\/wp\/v2\/posts\/833","targetHints":{"allow":["GET"]}}],"collection":[{"href":"https:\/\/didierjoris.com\/index.php?rest_route=\/wp\/v2\/posts"}],"about":[{"href":"https:\/\/didierjoris.com\/index.php?rest_route=\/wp\/v2\/types\/post"}],"author":[{"embeddable":true,"href":"https:\/\/didierjoris.com\/index.php?rest_route=\/wp\/v2\/users\/1"}],"replies":[{"embeddable":true,"href":"https:\/\/didierjoris.com\/index.php?rest_route=%2Fwp%2Fv2%2Fcomments&post=833"}],"version-history":[{"count":8,"href":"https:\/\/didierjoris.com\/index.php?rest_route=\/wp\/v2\/posts\/833\/revisions"}],"predecessor-version":[{"id":845,"href":"https:\/\/didierjoris.com\/index.php?rest_route=\/wp\/v2\/posts\/833\/revisions\/845"}],"wp:attachment":[{"href":"https:\/\/didierjoris.com\/index.php?rest_route=%2Fwp%2Fv2%2Fmedia&parent=833"}],"wp:term":[{"taxonomy":"category","embeddable":true,"href":"https:\/\/didierjoris.com\/index.php?rest_route=%2Fwp%2Fv2%2Fcategories&post=833"},{"taxonomy":"post_tag","embeddable":true,"href":"https:\/\/didierjoris.com\/index.php?rest_route=%2Fwp%2Fv2%2Ftags&post=833"}],"curies":[{"name":"wp","href":"https:\/\/api.w.org\/{rel}","templated":true}]}}