{"id":880,"date":"2020-01-18T07:26:28","date_gmt":"2020-01-18T07:26:28","guid":{"rendered":"https:\/\/didierjoris.com\/?p=880"},"modified":"2020-01-18T18:14:21","modified_gmt":"2020-01-18T18:14:21","slug":"coco","status":"publish","type":"post","link":"https:\/\/didierjoris.com\/?p=880","title":{"rendered":"Coco"},"content":{"rendered":"\n<p>Aujourd\u2019hui, mon ami Jos\u00e9\nDautrebande dit Coco s\u2019en est all\u00e9.<\/p>\n\n\n\n<p>Il s\u2019en est all\u00e9 rejoindre Myriam, l\u2019amour de sa vie avec qui il partageait chaque soir, en colloque singulier, une coupe de champagne\u2009; elle son \u00e9pouse, sa confidente, elle qui l\u2019\u00e9coutait, l\u2019encourageait, mais aussi parfois canalisait son enthousiasme d\u00e9bordant. Elle qui depuis quelques ann\u00e9es lui manquait tellement.<\/p>\n\n\n\n<p>Quelques jours avant le grand d\u00e9part,\nil m\u2019a dit avec simplicit\u00e9, sans r\u00e9elle r\u00e9signation, mais avec lucidit\u00e9&nbsp;:\n\u00ab\u2009Je pense qu\u2019il est maintenant temps pour moi de partir\u2009\u00bb. Quelques mots\n\u00e9nonc\u00e9s avec une profonde humilit\u00e9, cette humilit\u00e9 qui l\u2019avait habit\u00e9e toute sa\nvie. <\/p>\n\n\n\n<div class=\"wp-block-image\"><figure class=\"alignright size-large\"><img loading=\"lazy\" decoding=\"async\" width=\"215\" height=\"275\" src=\"https:\/\/didierjoris.com\/wp-content\/uploads\/2020\/01\/photo-Coco-1.png\" alt=\"\" class=\"wp-image-882\"\/><\/figure><\/div>\n\n\n\n<p>Aujourd\u2019hui, il nous a quitt\u00e9s\nserein, entour\u00e9 par les siens, laissant un vide \u00e9norme pour ses proches et pour\ntous ses amis qu\u2019il avait nombreux. Car Jos\u00e9, c\u2019\u00e9tait avant tout un homme\ncurieux de l\u2019Homme pour qui la relation aux autres constituait le socle de l\u2019existence\net la source de son bonheur sur cette terre. <\/p>\n\n\n\n<p>Tr\u00e8s rapidement, il tissait avec ses semblables des liens qui en devenaient ind\u00e9fectibles et qu\u2019il avait plaisir \u00e0 entretenir autour d\u2019une bonne table ou d\u2019un ap\u00e9ritif, en avant-soir\u00e9e, lors de ces heures particuli\u00e8rement propices pour refaire le monde. <\/p>\n\n\n\n<p>L\u2019amiti\u00e9 avait pour lui un caract\u00e8re sacr\u00e9 et se devait d\u2019\u00eatre partag\u00e9e sans retenue, sans arri\u00e8re-pens\u00e9es, sans attente d\u2019un retour. Tr\u00e8s vite, on devenait pote puis vrai pote. Si le lien devenait plus intime, plus fort, on devenait alors ami, puis v\u00e9ritable ami et enfin un fr\u00e8re ou une s\u0153ur. Nous \u00e9tions presque tous ses fr\u00e8res ou ses s\u0153urs. <\/p>\n\n\n\n<p>Loin d\u2019\u00eatre de fa\u00e7ade, cette amiti\u00e9 \u00e9tait une v\u00e9ritable activit\u00e9, une sorte de terreau de g\u00e9n\u00e9rosit\u00e9 qui lui permettait, sans jamais compter, d\u2019offrir aux autres son temps, ses conseils, ses encouragements et surtout un vrai sens de l\u2019\u00e9coute qui faisait de vous un \u00eatre unique. Ses avis \u00e9taient mesur\u00e9s et ses remarques souvent fond\u00e9es sans \u00eatre blessantes. Et puis il y avait ce sourire dans les yeux, avec ce regard qui pouvait devenir per\u00e7ant, p\u00e9n\u00e9trant m\u00eame, mais toujours indulgent. Jamais il ne jugeait autrui, mais appr\u00e9ciait ses semblables \u00e0 l\u2019aune de leur bienveillance. Il \u00e9vitait discr\u00e8tement la compagnie des \u00eatres \u00e9gocentriques ou arrogants qui, de temps \u00e0 autre, rarement, croisaient son chemin. <\/p>\n\n\n\n<p>Il riait de tout et de lui-m\u00eame avec bonhomie et avec parfois un humour caustique qui nous rappelait \u00e0 notre condition de mortel.<\/p>\n\n\n\n<p>Coco avait une forme de magn\u00e9tisme&nbsp;empathique\nqui \u00e9manait de tout son \u00eatre. Une \u00e9nergie puissante, f\u00e9d\u00e9ratrice, qui donnait l\u2019envie\nde se joindre \u00e0 lui dans les projets qu\u2019il entreprenait ou auxquels il\nparticipait avec passion. <\/p>\n\n\n\n<p>Cette \u00e9nergie rassembleuse est transcendante et je suis intimement persuad\u00e9 que l\u00e0 o\u00f9 il est, Coco continue \u00e0 nous diffuser cette onde b\u00e9n\u00e9fique qui tout simplement s\u2019appelle l\u2019Amour.<\/p>\n\n\n\n<p>16&nbsp;janvier 2020 <\/p>\n","protected":false},"excerpt":{"rendered":"<p>Aujourd\u2019hui, mon ami Jos\u00e9 Dautrebande dit Coco s\u2019en est all\u00e9. Il s\u2019en est all\u00e9 rejoindre Myriam, l\u2019amour de sa vie avec qui il partageait chaque soir, en colloque singulier, une coupe de champagne\u2009; elle son \u00e9pouse, sa confidente, elle qui l\u2019\u00e9coutait, l\u2019encourageait, mais aussi parfois canalisait son enthousiasme d\u00e9bordant. Elle qui depuis quelques ann\u00e9es lui &hellip; <\/p>\n<p class=\"link-more\"><a href=\"https:\/\/didierjoris.com\/?p=880\" class=\"more-link\">Continuer la lecture<span class=\"screen-reader-text\"> de &laquo;&nbsp;Coco&nbsp;&raquo;<\/span><\/a><\/p>\n","protected":false},"author":1,"featured_media":0,"comment_status":"closed","ping_status":"closed","sticky":false,"template":"","format":"standard","meta":{"footnotes":""},"categories":[1],"tags":[],"class_list":["post-880","post","type-post","status-publish","format-standard","hentry","category-uncategorized"],"_links":{"self":[{"href":"https:\/\/didierjoris.com\/index.php?rest_route=\/wp\/v2\/posts\/880","targetHints":{"allow":["GET"]}}],"collection":[{"href":"https:\/\/didierjoris.com\/index.php?rest_route=\/wp\/v2\/posts"}],"about":[{"href":"https:\/\/didierjoris.com\/index.php?rest_route=\/wp\/v2\/types\/post"}],"author":[{"embeddable":true,"href":"https:\/\/didierjoris.com\/index.php?rest_route=\/wp\/v2\/users\/1"}],"replies":[{"embeddable":true,"href":"https:\/\/didierjoris.com\/index.php?rest_route=%2Fwp%2Fv2%2Fcomments&post=880"}],"version-history":[{"count":4,"href":"https:\/\/didierjoris.com\/index.php?rest_route=\/wp\/v2\/posts\/880\/revisions"}],"predecessor-version":[{"id":891,"href":"https:\/\/didierjoris.com\/index.php?rest_route=\/wp\/v2\/posts\/880\/revisions\/891"}],"wp:attachment":[{"href":"https:\/\/didierjoris.com\/index.php?rest_route=%2Fwp%2Fv2%2Fmedia&parent=880"}],"wp:term":[{"taxonomy":"category","embeddable":true,"href":"https:\/\/didierjoris.com\/index.php?rest_route=%2Fwp%2Fv2%2Fcategories&post=880"},{"taxonomy":"post_tag","embeddable":true,"href":"https:\/\/didierjoris.com\/index.php?rest_route=%2Fwp%2Fv2%2Ftags&post=880"}],"curies":[{"name":"wp","href":"https:\/\/api.w.org\/{rel}","templated":true}]}}