{"id":892,"date":"2020-01-18T18:31:21","date_gmt":"2020-01-18T18:31:21","guid":{"rendered":"https:\/\/didierjoris.com\/?p=892"},"modified":"2020-01-18T18:35:24","modified_gmt":"2020-01-18T18:35:24","slug":"gustavo","status":"publish","type":"post","link":"https:\/\/didierjoris.com\/?p=892","title":{"rendered":"Gustavo"},"content":{"rendered":"\n<p>Je suis all\u00e9\naujourd\u2019hui \u00e0 l\u2019enterrement de mon ami Gustavo. <\/p>\n\n\n\n<p>Nous \u00e9tions nombreux\ncet apr\u00e8s-midi dans la petite \u00e9glise d\u2019Embourg pour lui rendre un dernier\nhommage qui dura pr\u00e8s de deux heures avec de nombreux t\u00e9moignages poignants et\ndes chants magnifiques. <\/p>\n\n\n\n<p>Une amiti\u00e9 longue de 25\nans nous liait. Il fut pour moi un complice dans les moments de bonheur et un\nguide dans les instants difficiles.<\/p>\n\n\n\n<p>C\u2019\u00e9tait un homme\nincroyablement \u00e9rudit qui toujours faisait preuve de bienveillance et d\u2019\u00e9coute.\n<\/p>\n\n\n\n<p>Nous avions plaisir \u00e0\npartager nos perceptions du monde qu\u2019il contextualisait sur le plan de l\u2019Esprit\nou de l\u2019inconscient en faisant r\u00e9f\u00e9rence aux connaissances qu\u2019il avait acquises\nau travers de l\u2019\u00e9tude des religions, des philosophies, de la physique\nquantique, de la PNL ou encore de la mystique juive. Mais c\u2019\u00e9tait avant tout l\u2019exp\u00e9rience\nde sa vie et de toutes celles qu\u2019il avait c\u00f4toy\u00e9es qu\u2019il transmettait au\ntravers de son regard per\u00e7ant, avec un humour et un sourire qui avait le don de\nrelativiser nos faiblesses humaines.<\/p>\n\n\n\n<p>Lors de notre premi\u00e8re\nrencontre, il m\u2019incita \u00e0 d\u00e9couvrir l\u2019\u0153uvre de Carlos Castaneda bas\u00e9e sur\nl\u2019histoire d\u2019un chaman sud-am\u00e9ricain. Ce fut le d\u00e9part d\u2019un long dialogue tous\nazimuts de pr\u00e8s d\u2019un quart de si\u00e8cle. <\/p>\n\n\n\n<p>Et pourtant, je ne\nconnaissais pas vraiment Gustavo car, \u00e0 l\u2019instar des chamans, il gardait une\ngrande part de myst\u00e8re et ne se confiait que tr\u00e8s peu sur son histoire\npersonnelle, ce d\u2019autant que je ne fis jamais partie d\u2019aucun groupe qu&rsquo;il\nanimait. <\/p>\n\n\n\n<p>Nous pr\u00e9f\u00e9rions nos\ncolloques singuliers autour d\u2019une bonne table, confin\u00e9s dans l\u2019instant pr\u00e9sent.\nQuelle ne fut d\u00e8s lors pas ma surprise lorsque l\u2019un de ses fils prit la parole\npour nous expliquer le parcours de cet homme exceptionnel et au combien\nmodeste. <\/p>\n\n\n\n<p>\u00c0 vous qui l\u2019avez de pr\u00e8s ou de loin connu, je ne peux m\u2019emp\u00eacher de vous livrer ci-dessous l&rsquo;histoire de cette vie hors du commun r\u00e9sum\u00e9e par ses enfants en une page\u00a0A4. <\/p>\n\n\n\n<p>Aujourd\u2019hui, il est\narriv\u00e9 au terme de sa qu\u00eate, lui qui toute sa vie voulait se rapprocher de la\nLumi\u00e8re v\u00e9ritable. <\/p>\n\n\n\n<p>Son faire-part de d\u00e9c\u00e8s\npr\u00e9sente parfaitement cette aspiration profonde&nbsp;:<\/p>\n\n\n\n<p><em>\u00ab\u2009Il\nest all\u00e9 voir de plus pr\u00e8s Celui qu\u2019il a tant cherch\u00e9, aim\u00e9 et en Qui il a\ncru.\u2009\u00bb <\/em><\/p>\n\n\n\n<p>Merci Gustavo, et repose en paix.<\/p>\n\n\n\n<p>15 f\u00e9vrier 2018<\/p>\n\n\n\n<figure class=\"wp-block-image size-large\"><img loading=\"lazy\" decoding=\"async\" width=\"517\" height=\"752\" src=\"https:\/\/didierjoris.com\/wp-content\/uploads\/2020\/01\/La-vie-de-Gustavo.jpg\" alt=\"\" class=\"wp-image-893\" srcset=\"https:\/\/didierjoris.com\/wp-content\/uploads\/2020\/01\/La-vie-de-Gustavo.jpg 517w, https:\/\/didierjoris.com\/wp-content\/uploads\/2020\/01\/La-vie-de-Gustavo-206x300.jpg 206w\" sizes=\"auto, (max-width: 517px) 100vw, 517px\" \/><\/figure>\n\n\n\n<p><\/p>\n","protected":false},"excerpt":{"rendered":"<p>Je suis all\u00e9 aujourd\u2019hui \u00e0 l\u2019enterrement de mon ami Gustavo. Nous \u00e9tions nombreux cet apr\u00e8s-midi dans la petite \u00e9glise d\u2019Embourg pour lui rendre un dernier hommage qui dura pr\u00e8s de deux heures avec de nombreux t\u00e9moignages poignants et des chants magnifiques. Une amiti\u00e9 longue de 25 ans nous liait. Il fut pour moi un complice &hellip; <\/p>\n<p class=\"link-more\"><a href=\"https:\/\/didierjoris.com\/?p=892\" class=\"more-link\">Continuer la lecture<span class=\"screen-reader-text\"> de &laquo;&nbsp;Gustavo&nbsp;&raquo;<\/span><\/a><\/p>\n","protected":false},"author":1,"featured_media":0,"comment_status":"closed","ping_status":"closed","sticky":false,"template":"","format":"standard","meta":{"footnotes":""},"categories":[1],"tags":[],"class_list":["post-892","post","type-post","status-publish","format-standard","hentry","category-uncategorized"],"_links":{"self":[{"href":"https:\/\/didierjoris.com\/index.php?rest_route=\/wp\/v2\/posts\/892","targetHints":{"allow":["GET"]}}],"collection":[{"href":"https:\/\/didierjoris.com\/index.php?rest_route=\/wp\/v2\/posts"}],"about":[{"href":"https:\/\/didierjoris.com\/index.php?rest_route=\/wp\/v2\/types\/post"}],"author":[{"embeddable":true,"href":"https:\/\/didierjoris.com\/index.php?rest_route=\/wp\/v2\/users\/1"}],"replies":[{"embeddable":true,"href":"https:\/\/didierjoris.com\/index.php?rest_route=%2Fwp%2Fv2%2Fcomments&post=892"}],"version-history":[{"count":2,"href":"https:\/\/didierjoris.com\/index.php?rest_route=\/wp\/v2\/posts\/892\/revisions"}],"predecessor-version":[{"id":897,"href":"https:\/\/didierjoris.com\/index.php?rest_route=\/wp\/v2\/posts\/892\/revisions\/897"}],"wp:attachment":[{"href":"https:\/\/didierjoris.com\/index.php?rest_route=%2Fwp%2Fv2%2Fmedia&parent=892"}],"wp:term":[{"taxonomy":"category","embeddable":true,"href":"https:\/\/didierjoris.com\/index.php?rest_route=%2Fwp%2Fv2%2Fcategories&post=892"},{"taxonomy":"post_tag","embeddable":true,"href":"https:\/\/didierjoris.com\/index.php?rest_route=%2Fwp%2Fv2%2Ftags&post=892"}],"curies":[{"name":"wp","href":"https:\/\/api.w.org\/{rel}","templated":true}]}}